{"id":2551,"date":"2024-09-26T16:19:55","date_gmt":"2024-09-26T14:19:55","guid":{"rendered":"https:\/\/malymehrin.cz\/?p=2551"},"modified":"2024-10-22T20:42:09","modified_gmt":"2024-10-22T18:42:09","slug":"potrebuje-moralka-a-etika-nabozenstvi","status":"publish","type":"post","link":"https:\/\/malymehrin.cz\/de\/2024\/09\/26\/potrebuje-moralka-a-etika-nabozenstvi\/","title":{"rendered":"Brauchen Moral und Ethik Religion?"},"content":{"rendered":"<div data-elementor-type=\"wp-post\" data-elementor-id=\"2551\" class=\"elementor elementor-2551\" data-elementor-settings=\"{&quot;ha_cmc_init_switcher&quot;:&quot;no&quot;}\" data-elementor-post-type=\"post\">\n\t\t\t\t\t\t<section class=\"elementor-section elementor-top-section elementor-element elementor-element-506c489f elementor-section-boxed elementor-section-height-default elementor-section-height-default wpr-particle-no wpr-jarallax-no wpr-parallax-no wpr-sticky-section-no wpr-equal-height-no\" data-id=\"506c489f\" data-element_type=\"section\" data-e-type=\"section\" data-settings=\"{&quot;_ha_eqh_enable&quot;:false}\">\n\t\t\t\t\t\t<div class=\"elementor-container elementor-column-gap-default\">\n\t\t\t\t\t<div class=\"elementor-column elementor-col-100 elementor-top-column elementor-element elementor-element-614478f2\" data-id=\"614478f2\" data-element_type=\"column\" data-e-type=\"column\">\n\t\t\t<div class=\"elementor-widget-wrap elementor-element-populated\">\n\t\t\t\t\t\t<div class=\"elementor-element elementor-element-37109c8e elementor-widget elementor-widget-spacer\" data-id=\"37109c8e\" data-element_type=\"widget\" data-e-type=\"widget\" data-widget_type=\"spacer.default\">\n\t\t\t\t<div class=\"elementor-widget-container\">\n\t\t\t\t\t\t\t<div class=\"elementor-spacer\">\n\t\t\t<div class=\"elementor-spacer-inner\"><\/div>\n\t\t<\/div>\n\t\t\t\t\t\t<\/div>\n\t\t\t\t<\/div>\n\t\t\t\t<div class=\"elementor-element elementor-element-f09f751 elementor-widget elementor-widget-heading\" data-id=\"f09f751\" data-element_type=\"widget\" data-e-type=\"widget\" data-widget_type=\"heading.default\">\n\t\t\t\t<div class=\"elementor-widget-container\">\n\t\t\t\t\t<h2 class=\"elementor-heading-title elementor-size-default\">Brauchen Moral und Ethik Religion?<\/h2>\t\t\t\t<\/div>\n\t\t\t\t<\/div>\n\t\t\t\t<div class=\"elementor-element elementor-element-6b6ff966 elementor-widget elementor-widget-text-editor\" data-id=\"6b6ff966\" data-element_type=\"widget\" data-e-type=\"widget\" data-widget_type=\"text-editor.default\">\n\t\t\t\t<div class=\"elementor-widget-container\">\n\t\t\t\t\t\t\t\t\t<p><strong>Mittwoch, 23. Oktober um 18 Uhr<\/strong><\/p>\t\t\t\t\t\t\t\t<\/div>\n\t\t\t\t<\/div>\n\t\t\t\t\t<\/div>\n\t\t<\/div>\n\t\t\t\t\t<\/div>\n\t\t<\/section>\n\t\t\t\t<section class=\"elementor-section elementor-top-section elementor-element elementor-element-fd31e35 elementor-section-boxed elementor-section-height-default elementor-section-height-default wpr-particle-no wpr-jarallax-no wpr-parallax-no wpr-sticky-section-no wpr-equal-height-no\" data-id=\"fd31e35\" data-element_type=\"section\" data-e-type=\"section\" data-settings=\"{&quot;_ha_eqh_enable&quot;:false}\">\n\t\t\t\t\t\t<div class=\"elementor-container elementor-column-gap-default\">\n\t\t\t\t\t<div class=\"elementor-column elementor-col-50 elementor-top-column elementor-element elementor-element-5ed763a\" data-id=\"5ed763a\" data-element_type=\"column\" data-e-type=\"column\">\n\t\t\t<div class=\"elementor-widget-wrap elementor-element-populated\">\n\t\t\t\t\t\t<div class=\"elementor-element elementor-element-4bfc6f92 elementor-widget elementor-widget-text-editor\" data-id=\"4bfc6f92\" data-element_type=\"widget\" data-e-type=\"widget\" data-widget_type=\"text-editor.default\">\n\t\t\t\t<div class=\"elementor-widget-container\">\n\t\t\t\t\t\t\t\t\t<p>Der Professor f\u00fcr Nuklearchemie, RNDr. Ji\u0159\u00ed H\u00e1la, Mitglied der J\u00fcdischen Gemeinde von Br\u00fcnn und einer der letzten \u00dcberlebenden, der als Kind drei Jahre in Theresienstadt verbracht hat, ver\u00f6ffentlicht ein neues Buch, sein f\u00fcnftes in Folge. Im Gegensatz zu den ersten B\u00fcchern, in denen er sich beruflich mit dem Thema Radioaktivit\u00e4t besch\u00e4ftigte, hat er in seinen j\u00fcngsten B\u00fcchern vor allem die giftige Aufmerksamkeit der katholischen Kirche f\u00fcr die \"Kinder von Jerusalem\" ins Visier genommen.<\/p><p>Das Buch Does Morality and Ethics Need Religion? hat der Herausgeber aus den \u00dcberlegungen von neun angels\u00e4chsischen Philosophen und einem Arzt zusammengestellt. Die Antwort ist nicht schwer zu erraten, allein durch die Art und Weise, wie der Titel des Buches aufgebaut ist. Aber die darin enthaltenen Aufs\u00e4tze zwingen den Leser, das Thema in einem breiteren Kontext zu betrachten, als es \u00fcblich ist.<\/p><p>Diskussion zwischen dem Verleger und dem Autor. <em>Der Eintritt ist freiwillig.<\/em><\/p>\t\t\t\t\t\t\t\t<\/div>\n\t\t\t\t<\/div>\n\t\t\t\t\t<\/div>\n\t\t<\/div>\n\t\t\t\t<div class=\"elementor-column elementor-col-50 elementor-top-column elementor-element elementor-element-ca318ca\" data-id=\"ca318ca\" data-element_type=\"column\" data-e-type=\"column\">\n\t\t\t<div class=\"elementor-widget-wrap elementor-element-populated\">\n\t\t\t\t\t\t<div class=\"elementor-element elementor-element-7ad45ef5 elementor-widget__width-initial elementor-widget elementor-widget-image\" data-id=\"7ad45ef5\" data-element_type=\"widget\" data-e-type=\"widget\" data-widget_type=\"image.default\">\n\t\t\t\t<div class=\"elementor-widget-container\">\n\t\t\t\t\t\t\t\t\t\t\t\t\t\t\t<img fetchpriority=\"high\" decoding=\"async\" width=\"1537\" height=\"2246\" src=\"https:\/\/malymehrin.cz\/wp-content\/uploads\/2024\/09\/Obalka-Hala-Mehrin.jpg\" class=\"attachment-full size-full wp-image-2552\" alt=\"\" srcset=\"https:\/\/malymehrin.cz\/wp-content\/uploads\/2024\/09\/Obalka-Hala-Mehrin.jpg 1537w, https:\/\/malymehrin.cz\/wp-content\/uploads\/2024\/09\/Obalka-Hala-Mehrin-205x300.jpg 205w, https:\/\/malymehrin.cz\/wp-content\/uploads\/2024\/09\/Obalka-Hala-Mehrin-701x1024.jpg 701w, https:\/\/malymehrin.cz\/wp-content\/uploads\/2024\/09\/Obalka-Hala-Mehrin-768x1122.jpg 768w, https:\/\/malymehrin.cz\/wp-content\/uploads\/2024\/09\/Obalka-Hala-Mehrin-1051x1536.jpg 1051w, https:\/\/malymehrin.cz\/wp-content\/uploads\/2024\/09\/Obalka-Hala-Mehrin-1402x2048.jpg 1402w, https:\/\/malymehrin.cz\/wp-content\/uploads\/2024\/09\/Obalka-Hala-Mehrin-8x12.jpg 8w\" sizes=\"(max-width: 1537px) 100vw, 1537px\" \/>\t\t\t\t\t\t\t\t\t\t\t\t\t\t\t<\/div>\n\t\t\t\t<\/div>\n\t\t\t\t\t<\/div>\n\t\t<\/div>\n\t\t\t\t\t<\/div>\n\t\t<\/section>\n\t\t\t\t<\/div>","protected":false},"excerpt":{"rendered":"<p>Brauchen Moral und Ethik eine Religion? Mittwoch, 23. Oktober um 18 Uhr Professor f\u00fcr Nuklearchemie, RNDr. Ji\u0159\u00ed H\u00e1la, Mitglied der J\u00fcdischen Gemeinde Br\u00fcnn und einer der letzten \u00dcberlebenden, der als Kind drei Jahre in Theresienstadt verbrachte, ver\u00f6ffentlicht ein neues Buch, sein f\u00fcnftes in Folge. Im Gegensatz zu den ersten, professionellen B\u00fcchern, in denen er sich mit Radioaktivit\u00e4t besch\u00e4ftigte, hat er in seinen letzten B\u00fcchern vor allem die giftige Aufmerksamkeit der katholischen Kirche f\u00fcr die \"Kinder Jerusalems\" ins Visier genommen. Brauchen Moral und Ethik die Religion? hat er als Herausgeber aus den \u00dcberlegungen von neun angels\u00e4chsischen Philosophen und einem Arzt zusammengestellt. Die Antwort ist allein schon durch die Konstruktion des Buchtitels nicht schwer zu erraten. Doch die im Buch enthaltenen Aufs\u00e4tze zwingen den Leser, das Thema in einem breiteren Kontext zu betrachten, als es \u00fcblich ist. Ein Gespr\u00e4ch zwischen dem Herausgeber und dem Autor. Der Eintritt ist freiwillig.<\/p>","protected":false},"author":1,"featured_media":2552,"comment_status":"open","ping_status":"open","sticky":false,"template":"elementor_header_footer","format":"standard","meta":{"_acf_changed":false,"footnotes":""},"categories":[1],"tags":[54],"class_list":["post-2551","post","type-post","status-publish","format-standard","has-post-thumbnail","hentry","category-nezarazene","tag-streda-23-rijna-v-18-hodin"],"acf":[],"_links":{"self":[{"href":"https:\/\/malymehrin.cz\/de\/wp-json\/wp\/v2\/posts\/2551","targetHints":{"allow":["GET"]}}],"collection":[{"href":"https:\/\/malymehrin.cz\/de\/wp-json\/wp\/v2\/posts"}],"about":[{"href":"https:\/\/malymehrin.cz\/de\/wp-json\/wp\/v2\/types\/post"}],"author":[{"embeddable":true,"href":"https:\/\/malymehrin.cz\/de\/wp-json\/wp\/v2\/users\/1"}],"replies":[{"embeddable":true,"href":"https:\/\/malymehrin.cz\/de\/wp-json\/wp\/v2\/comments?post=2551"}],"version-history":[{"count":7,"href":"https:\/\/malymehrin.cz\/de\/wp-json\/wp\/v2\/posts\/2551\/revisions"}],"predecessor-version":[{"id":2586,"href":"https:\/\/malymehrin.cz\/de\/wp-json\/wp\/v2\/posts\/2551\/revisions\/2586"}],"wp:featuredmedia":[{"embeddable":true,"href":"https:\/\/malymehrin.cz\/de\/wp-json\/wp\/v2\/media\/2552"}],"wp:attachment":[{"href":"https:\/\/malymehrin.cz\/de\/wp-json\/wp\/v2\/media?parent=2551"}],"wp:term":[{"taxonomy":"category","embeddable":true,"href":"https:\/\/malymehrin.cz\/de\/wp-json\/wp\/v2\/categories?post=2551"},{"taxonomy":"post_tag","embeddable":true,"href":"https:\/\/malymehrin.cz\/de\/wp-json\/wp\/v2\/tags?post=2551"}],"curies":[{"name":"wp","href":"https:\/\/api.w.org\/{rel}","templated":true}]}}