{"id":3940,"date":"2026-03-16T12:40:28","date_gmt":"2026-03-16T11:40:28","guid":{"rendered":"https:\/\/malymehrin.cz\/?p=3940"},"modified":"2026-04-02T21:50:20","modified_gmt":"2026-04-02T19:50:20","slug":"otte-wallish-ze-znojma-do-tel-avivu","status":"publish","type":"post","link":"https:\/\/malymehrin.cz\/de\/2026\/03\/16\/otte-wallish-ze-znojma-do-tel-avivu\/","title":{"rendered":"Otte Wallish: Von Znojmo nach Tel Aviv"},"content":{"rendered":"<p>Der Name Otte Wallisch ist in den b\u00f6hmischen L\u00e4ndern nicht vielen Menschen bekannt. Der geb\u00fcrtige Znaimer ist ein international bekannter israelischer Grafikdesigner, der in seinem Leben fast siebentausend grafische Entw\u00fcrfe geschaffen hat. Deshalb haben wir beschlossen, sein Werk anl\u00e4sslich seines 120. Geburtstags in der Tschechischen Republik symbolisch zu w\u00fcrdigen. F\u00fcr unseren Markt schuf er zum Beispiel Werbeplakate f\u00fcr Auto Praga oder Plakate zu tschechischen Filmen. Dar\u00fcber hinaus werden in der Ausstellung auch die ersten israelischen Briefmarken, M\u00fcnzen und B\u00fccher zu sehen sein, an denen er grafisch mitgewirkt hat. Die Ausstellung wird bis zum 30. August 2026 zu sehen sein.<\/p>","protected":false},"excerpt":{"rendered":"<p> Die Ausstellung Otte Wallish: From Znojmo to Tel Aviv von Eva Jan\u00e1\u010dov\u00e1 wird vom J\u00fcdischen Museum Mal\u00fd Mehrin anl\u00e4sslich des 120. Geburtstags von Otte Wallish symbolisch pr\u00e4sentiert. Lernen Sie den K\u00fcnstler kennen, der die moderne Avantgarde mit der Gr\u00fcndung eines neuen Staates verband. Sie werden Dutzende seiner Plakate, Werbungen und Entw\u00fcrfe sehen, die er bis in die 1970er Jahre schuf. Sein Werk ist nicht nur Kunst, sondern auch die Chronik einer au\u00dfergew\u00f6hnlichen Reise.<br \/>\nDie Er\u00f6ffnung findet am Montag, den 30. M\u00e4rz um 18 Uhr im Kleinen Mehrin statt.<\/p>","protected":false},"author":3,"featured_media":3941,"comment_status":"closed","ping_status":"open","sticky":false,"template":"","format":"standard","meta":{"_acf_changed":false,"footnotes":""},"categories":[1],"tags":[],"class_list":["post-3940","post","type-post","status-publish","format-standard","has-post-thumbnail","hentry","category-nezarazene"],"acf":[],"_links":{"self":[{"href":"https:\/\/malymehrin.cz\/de\/wp-json\/wp\/v2\/posts\/3940","targetHints":{"allow":["GET"]}}],"collection":[{"href":"https:\/\/malymehrin.cz\/de\/wp-json\/wp\/v2\/posts"}],"about":[{"href":"https:\/\/malymehrin.cz\/de\/wp-json\/wp\/v2\/types\/post"}],"author":[{"embeddable":true,"href":"https:\/\/malymehrin.cz\/de\/wp-json\/wp\/v2\/users\/3"}],"replies":[{"embeddable":true,"href":"https:\/\/malymehrin.cz\/de\/wp-json\/wp\/v2\/comments?post=3940"}],"version-history":[{"count":3,"href":"https:\/\/malymehrin.cz\/de\/wp-json\/wp\/v2\/posts\/3940\/revisions"}],"predecessor-version":[{"id":3958,"href":"https:\/\/malymehrin.cz\/de\/wp-json\/wp\/v2\/posts\/3940\/revisions\/3958"}],"wp:featuredmedia":[{"embeddable":true,"href":"https:\/\/malymehrin.cz\/de\/wp-json\/wp\/v2\/media\/3941"}],"wp:attachment":[{"href":"https:\/\/malymehrin.cz\/de\/wp-json\/wp\/v2\/media?parent=3940"}],"wp:term":[{"taxonomy":"category","embeddable":true,"href":"https:\/\/malymehrin.cz\/de\/wp-json\/wp\/v2\/categories?post=3940"},{"taxonomy":"post_tag","embeddable":true,"href":"https:\/\/malymehrin.cz\/de\/wp-json\/wp\/v2\/tags?post=3940"}],"curies":[{"name":"wp","href":"https:\/\/api.w.org\/{rel}","templated":true}]}}