{"id":3946,"date":"2026-04-02T21:34:22","date_gmt":"2026-04-02T19:34:22","guid":{"rendered":"https:\/\/malymehrin.cz\/?p=3946"},"modified":"2026-04-02T21:38:09","modified_gmt":"2026-04-02T19:38:09","slug":"komentovana-prohlidka-s-martinem-reinerem","status":"publish","type":"post","link":"https:\/\/malymehrin.cz\/de\/2026\/04\/02\/komentovana-prohlidka-s-martinem-reinerem\/","title":{"rendered":"Gef\u00fchrte Tour mit Martin Reiner"},"content":{"rendered":"<p>F\u00fchrungen durch die Ausstellungsr\u00e4ume sind bereits zu einem festen Bestandteil unseres Programmangebots geworden. Einzelne Referenten w\u00e4hlen unterschiedliche Formen und erweitern sie mit allerlei Wissenswertem. Diesmal wird Martin Reiner, Direktor der Stiftung Mehrin, den Vortrag mit der Vorstellung der Brosch\u00fcre Mehrin - Little Mehrin bereichern. Warum diese beiden Titel, und was genau ist der Inhalt dieser Publikation? Wo ist sie erh\u00e4ltlich und zu welchem Preis?&nbsp;<\/p>\n\n\n\n<p><em>Der Eintritt ist freiwillig.<\/em><\/p>","protected":false},"excerpt":{"rendered":"<p>F\u00fchrungen durch die Ausstellungsr\u00e4ume sind bereits zu einem festen Bestandteil unseres Programmangebots geworden. Einzelne Referenten w\u00e4hlen unterschiedliche Formen und erweitern sie mit allerlei Wissenswertem. Diesmal wird Martin Reiner, Direktor der Stiftung Mehrin, den Vortrag mit der Vorstellung der Brosch\u00fcre Mehrin - Little Mehrin bereichern. Warum diese beiden Titel, und was genau ist der Inhalt dieser Publikation? Wo ist sie erh\u00e4ltlich und zu welchem Preis?  Der Eintritt ist freiwillig.<\/p>","protected":false},"author":3,"featured_media":3950,"comment_status":"closed","ping_status":"open","sticky":false,"template":"","format":"standard","meta":{"_acf_changed":false,"footnotes":""},"categories":[1],"tags":[123],"class_list":["post-3946","post","type-post","status-publish","format-standard","has-post-thumbnail","hentry","category-nezarazene","tag-ctvrtek-2-dubna-v-17-hodin"],"acf":[],"_links":{"self":[{"href":"https:\/\/malymehrin.cz\/de\/wp-json\/wp\/v2\/posts\/3946","targetHints":{"allow":["GET"]}}],"collection":[{"href":"https:\/\/malymehrin.cz\/de\/wp-json\/wp\/v2\/posts"}],"about":[{"href":"https:\/\/malymehrin.cz\/de\/wp-json\/wp\/v2\/types\/post"}],"author":[{"embeddable":true,"href":"https:\/\/malymehrin.cz\/de\/wp-json\/wp\/v2\/users\/3"}],"replies":[{"embeddable":true,"href":"https:\/\/malymehrin.cz\/de\/wp-json\/wp\/v2\/comments?post=3946"}],"version-history":[{"count":2,"href":"https:\/\/malymehrin.cz\/de\/wp-json\/wp\/v2\/posts\/3946\/revisions"}],"predecessor-version":[{"id":3951,"href":"https:\/\/malymehrin.cz\/de\/wp-json\/wp\/v2\/posts\/3946\/revisions\/3951"}],"wp:featuredmedia":[{"embeddable":true,"href":"https:\/\/malymehrin.cz\/de\/wp-json\/wp\/v2\/media\/3950"}],"wp:attachment":[{"href":"https:\/\/malymehrin.cz\/de\/wp-json\/wp\/v2\/media?parent=3946"}],"wp:term":[{"taxonomy":"category","embeddable":true,"href":"https:\/\/malymehrin.cz\/de\/wp-json\/wp\/v2\/categories?post=3946"},{"taxonomy":"post_tag","embeddable":true,"href":"https:\/\/malymehrin.cz\/de\/wp-json\/wp\/v2\/tags?post=3946"}],"curies":[{"name":"wp","href":"https:\/\/api.w.org\/{rel}","templated":true}]}}