{"id":3952,"date":"2026-04-02T21:42:32","date_gmt":"2026-04-02T19:42:32","guid":{"rendered":"https:\/\/malymehrin.cz\/?p=3952"},"modified":"2026-04-02T21:42:32","modified_gmt":"2026-04-02T19:42:32","slug":"umela-inteligence-a-pamet-holocaustu","status":"publish","type":"post","link":"https:\/\/malymehrin.cz\/de\/2026\/04\/02\/umela-inteligence-a-pamet-holocaustu\/","title":{"rendered":"K\u00fcnstliche Intelligenz und die Erinnerung an den Holocaust"},"content":{"rendered":"<p>Der Philosoph und Ethiker \u0160tefan Ore\u0161ko (Slowakische Akademie der Wissenschaften) und die Historikerin T\u00e1\u0148a Klementov\u00e1 werden darlegen, welche Herausforderungen die moderne Technologie f\u00fcr Museen mit sich bringt und wie man im digitalen Zeitalter sensibel mit der historischen Wahrheit umgehen kann. Die Debatte richtet sich nicht nur an Technikbegeisterte. Sie richtet sich an alle, die sich daf\u00fcr interessieren, wie die Technologie unsere Wahrnehmung der Wahrheit, der Vergangenheit und der menschlichen Verantwortung ver\u00e4ndert.<\/p>","protected":false},"excerpt":{"rendered":"<p>Der Philosoph und Ethiker \u0160tefan Ore\u0161ko (Slowakische Akademie der Wissenschaften) und die Historikerin T\u00e1\u0148a Klementov\u00e1 werden darlegen, welche Herausforderungen die moderne Technologie f\u00fcr Museen mit sich bringt und wie man im digitalen Zeitalter sensibel mit der historischen Wahrheit umgehen kann. Die Debatte richtet sich nicht nur an Technikbegeisterte. Sie richtet sich an alle, die sich daf\u00fcr interessieren, wie die Technologie unsere Wahrnehmung der Wahrheit, der Vergangenheit und der menschlichen Verantwortung ver\u00e4ndert.<\/p>","protected":false},"author":3,"featured_media":3953,"comment_status":"closed","ping_status":"open","sticky":false,"template":"","format":"standard","meta":{"_acf_changed":false,"footnotes":""},"categories":[1],"tags":[124],"class_list":["post-3952","post","type-post","status-publish","format-standard","has-post-thumbnail","hentry","category-nezarazene","tag-utery-7-dubna-v-18-hodin"],"acf":[],"_links":{"self":[{"href":"https:\/\/malymehrin.cz\/de\/wp-json\/wp\/v2\/posts\/3952","targetHints":{"allow":["GET"]}}],"collection":[{"href":"https:\/\/malymehrin.cz\/de\/wp-json\/wp\/v2\/posts"}],"about":[{"href":"https:\/\/malymehrin.cz\/de\/wp-json\/wp\/v2\/types\/post"}],"author":[{"embeddable":true,"href":"https:\/\/malymehrin.cz\/de\/wp-json\/wp\/v2\/users\/3"}],"replies":[{"embeddable":true,"href":"https:\/\/malymehrin.cz\/de\/wp-json\/wp\/v2\/comments?post=3952"}],"version-history":[{"count":1,"href":"https:\/\/malymehrin.cz\/de\/wp-json\/wp\/v2\/posts\/3952\/revisions"}],"predecessor-version":[{"id":3954,"href":"https:\/\/malymehrin.cz\/de\/wp-json\/wp\/v2\/posts\/3952\/revisions\/3954"}],"wp:featuredmedia":[{"embeddable":true,"href":"https:\/\/malymehrin.cz\/de\/wp-json\/wp\/v2\/media\/3953"}],"wp:attachment":[{"href":"https:\/\/malymehrin.cz\/de\/wp-json\/wp\/v2\/media?parent=3952"}],"wp:term":[{"taxonomy":"category","embeddable":true,"href":"https:\/\/malymehrin.cz\/de\/wp-json\/wp\/v2\/categories?post=3952"},{"taxonomy":"post_tag","embeddable":true,"href":"https:\/\/malymehrin.cz\/de\/wp-json\/wp\/v2\/tags?post=3952"}],"curies":[{"name":"wp","href":"https:\/\/api.w.org\/{rel}","templated":true}]}}