{"id":1566,"date":"2023-09-12T10:50:32","date_gmt":"2023-09-12T08:50:32","guid":{"rendered":"https:\/\/dev.web-lab.cz\/?p=1566"},"modified":"2023-09-12T13:04:16","modified_gmt":"2023-09-12T11:04:16","slug":"varsava-rozdelene-mesto","status":"publish","type":"post","link":"https:\/\/malymehrin.cz\/en\/2023\/09\/12\/varsava-rozdelene-mesto\/","title":{"rendered":"Warsaw: A divided city"},"content":{"rendered":"<div data-elementor-type=\"wp-post\" data-elementor-id=\"1566\" class=\"elementor elementor-1566\" data-elementor-settings=\"{&quot;ha_cmc_init_switcher&quot;:&quot;no&quot;}\" data-elementor-post-type=\"post\">\n\t\t\t\t\t\t<section class=\"elementor-section elementor-top-section elementor-element elementor-element-3448931 elementor-section-boxed elementor-section-height-default elementor-section-height-default wpr-particle-no wpr-jarallax-no wpr-parallax-no wpr-sticky-section-no wpr-equal-height-no\" data-id=\"3448931\" data-element_type=\"section\" data-e-type=\"section\" data-settings=\"{&quot;_ha_eqh_enable&quot;:false}\">\n\t\t\t\t\t\t<div class=\"elementor-container elementor-column-gap-default\">\n\t\t\t\t\t<div class=\"elementor-column elementor-col-100 elementor-top-column elementor-element elementor-element-496dffd\" data-id=\"496dffd\" data-element_type=\"column\" data-e-type=\"column\">\n\t\t\t<div class=\"elementor-widget-wrap elementor-element-populated\">\n\t\t\t\t\t\t<section class=\"elementor-section elementor-inner-section elementor-element elementor-element-cca6236 elementor-section-boxed elementor-section-height-default elementor-section-height-default wpr-particle-no wpr-jarallax-no wpr-parallax-no wpr-sticky-section-no wpr-equal-height-no\" data-id=\"cca6236\" data-element_type=\"section\" data-e-type=\"section\" data-settings=\"{&quot;_ha_eqh_enable&quot;:false}\">\n\t\t\t\t\t\t<div class=\"elementor-container elementor-column-gap-default\">\n\t\t\t\t\t<div class=\"elementor-column elementor-col-100 elementor-inner-column elementor-element elementor-element-27dd154\" data-id=\"27dd154\" data-element_type=\"column\" data-e-type=\"column\">\n\t\t\t<div class=\"elementor-widget-wrap elementor-element-populated\">\n\t\t\t\t\t\t<div class=\"elementor-element elementor-element-1adcffe elementor-widget elementor-widget-spacer\" data-id=\"1adcffe\" data-element_type=\"widget\" data-e-type=\"widget\" data-widget_type=\"spacer.default\">\n\t\t\t\t<div class=\"elementor-widget-container\">\n\t\t\t\t\t\t\t<div class=\"elementor-spacer\">\n\t\t\t<div class=\"elementor-spacer-inner\"><\/div>\n\t\t<\/div>\n\t\t\t\t\t\t<\/div>\n\t\t\t\t<\/div>\n\t\t\t\t<div class=\"elementor-element elementor-element-5fefd4c elementor-widget elementor-widget-heading\" data-id=\"5fefd4c\" data-element_type=\"widget\" data-e-type=\"widget\" data-widget_type=\"heading.default\">\n\t\t\t\t<div class=\"elementor-widget-container\">\n\t\t\t\t\t<h2 class=\"elementor-heading-title elementor-size-default\">Warsaw: A divided city<\/h2>\t\t\t\t<\/div>\n\t\t\t\t<\/div>\n\t\t\t\t<div class=\"elementor-element elementor-element-8afb459 elementor-widget__width-initial elementor-widget elementor-widget-text-editor\" data-id=\"8afb459\" data-element_type=\"widget\" data-e-type=\"widget\" data-widget_type=\"text-editor.default\">\n\t\t\t\t<div class=\"elementor-widget-container\">\n\t\t\t\t\t\t\t\t\t<p><\/p>\n<p style=\"text-align: left;\"><strong>Wednesday 19 April 2023 at 20.00, cinema ART, Cihl\u00e1\u0159sk\u00e1 19, Brno<\/strong><\/p>\n<p><\/p>\n<p>During World War II, occupied Warsaw was divided by a wall - a Jewish<br \/>ghetto, where not only Jews from Warsaw, but also from other parts of<br \/>Poland or Germany. The conditions were inhumane, and in 1942, in addition, the<br \/>regular deportations to the Treblinka extermination camp. Some of the ghetto inhabitants decided to make a desperate and heroic gesture - to die in battle. April 19, 1943,<br \/>exactly eighty years ago, an uprising broke out. It was outnumbered by German<br \/>soldiers were brutally suppressed and the ghetto was razed to the ground. Warsaw was<br \/>the capital of Poland was to become a model Nazi city and the German<br \/>architects were working on plans for a major redevelopment. Canadian filmmaker and historian<br \/>with Polish roots, Eric Bednarski, discovered by happy accident a unique documentary<br \/>- amateur footage from the ghetto by a young Polish man who, while filming<br \/>risked his life. In addition to Nazi propaganda films, these are<br \/>the only surviving material depicting the daily life of the ghetto inhabitants.<br \/>Bednarski became interested in the wartime fate of Warsaw and decided to map it. V<br \/>his film, in addition to the unique archival footage, also features eyewitnesses and<br \/>architects and urban activists. We follow the destruction of the city and its post-war<br \/>restoration and the effort to embody in its streets not only in the form of monuments and museums the memory of<br \/>of a vanished Polish-Jewish metropolis.<br \/>Directed by Eric Bednarski, 2019, 71 minutes, Polish with Czech and English subtitles<br \/>The discussion after the film will be attended by <b>Martin Reiner<\/b> for Mehrin - Moravian Jewish<br \/>museum and <b>Lucie Zakopalov\u00e1<\/b> from the Polish Institute in Prague.<br \/>The screening is co-organized by Kino Art, the Polish Institute in Prague and Mal\u00fd Mehrin as part of<br \/>Days of Polish Culture in Brno: <a href=\"https:\/\/dpk.brno.cz\/\">https:\/\/dpk.brno.cz\/<\/a><\/p>\n<p><\/p>\t\t\t\t\t\t\t\t<\/div>\n\t\t\t\t<\/div>\n\t\t\t\t\t<\/div>\n\t\t<\/div>\n\t\t\t\t\t<\/div>\n\t\t<\/section>\n\t\t\t\t\t<\/div>\n\t\t<\/div>\n\t\t\t\t\t<\/div>\n\t\t<\/section>\n\t\t\t\t<\/div>","protected":false},"excerpt":{"rendered":"<p>Warsaw: A City Divided Wednesday 19 April 2023 at 8 pm, ART Cinema, Cihl\u00e1\u0159sk\u00e1 19, Brno During World War II, occupied Warsaw was divided by a wall - a Jewish ghetto grew up there, where not only Jews from Warsaw but also from other parts of Poland and Germany were forcibly relocated. Conditions were inhumane, and in 1942 regular deportations to the Treblinka extermination camp began. Some of the ghetto inhabitants decided to make a desperate and heroic gesture - to die in battle. On 19 April 1943, exactly eighty years ago, the uprising broke out. It was brutally suppressed by the German soldiers and the ghetto was razed to the ground. Warsaw was to become a model Nazi city, and German architects were working on plans for a massive rebuilding. Canadian filmmaker and historian with Polish roots, Eric Bednarski, discovered by happy accident a unique documentary - amateur footage from the ghetto, shot by a young Polish man who risked his life in the process. Apart from the Nazi propaganda films, this is the only surviving material depicting the daily life of the ghetto's inhabitants.Bednarski became interested in the wartime fate of Warsaw and decided to map it. In addition to the unique archival footage, his film also features survivors, as well as architects and urban activists. We follow the destruction of the city as well as its post-war reconstruction and the efforts to embody the memory of the vanished Polish-Jewish metropolis in its streets, not only in the form of monuments and museums.Directed by Eric Bednarski, 2019, 71 minutes, Polish with Czech and English subtitles.The discussion after the film will be attended by Martin Reiner from Mehrin - Moravian Jewish Museum and Lucie Zakopalov\u00e1 from the Polish Institute in Prague.The screening is co-organized by Kino Art, the Polish Institute in Prague and Mal\u00fd Mehrin as part of the Days of Polish Culture in Brno: https:\/\/dpk.brno.cz\/<\/p>","protected":false},"author":1,"featured_media":1758,"comment_status":"open","ping_status":"open","sticky":false,"template":"elementor_canvas","format":"standard","meta":{"_acf_changed":false,"footnotes":""},"categories":[1],"tags":[8],"class_list":["post-1566","post","type-post","status-publish","format-standard","has-post-thumbnail","hentry","category-nezarazene","tag-streda-19-4-2023-2000"],"acf":[],"_links":{"self":[{"href":"https:\/\/malymehrin.cz\/en\/wp-json\/wp\/v2\/posts\/1566","targetHints":{"allow":["GET"]}}],"collection":[{"href":"https:\/\/malymehrin.cz\/en\/wp-json\/wp\/v2\/posts"}],"about":[{"href":"https:\/\/malymehrin.cz\/en\/wp-json\/wp\/v2\/types\/post"}],"author":[{"embeddable":true,"href":"https:\/\/malymehrin.cz\/en\/wp-json\/wp\/v2\/users\/1"}],"replies":[{"embeddable":true,"href":"https:\/\/malymehrin.cz\/en\/wp-json\/wp\/v2\/comments?post=1566"}],"version-history":[{"count":5,"href":"https:\/\/malymehrin.cz\/en\/wp-json\/wp\/v2\/posts\/1566\/revisions"}],"predecessor-version":[{"id":1754,"href":"https:\/\/malymehrin.cz\/en\/wp-json\/wp\/v2\/posts\/1566\/revisions\/1754"}],"wp:featuredmedia":[{"embeddable":true,"href":"https:\/\/malymehrin.cz\/en\/wp-json\/wp\/v2\/media\/1758"}],"wp:attachment":[{"href":"https:\/\/malymehrin.cz\/en\/wp-json\/wp\/v2\/media?parent=1566"}],"wp:term":[{"taxonomy":"category","embeddable":true,"href":"https:\/\/malymehrin.cz\/en\/wp-json\/wp\/v2\/categories?post=1566"},{"taxonomy":"post_tag","embeddable":true,"href":"https:\/\/malymehrin.cz\/en\/wp-json\/wp\/v2\/tags?post=1566"}],"curies":[{"name":"wp","href":"https:\/\/api.w.org\/{rel}","templated":true}]}}