{"id":2126,"date":"2024-02-20T12:56:24","date_gmt":"2024-02-20T11:56:24","guid":{"rendered":"https:\/\/malymehrin.cz\/?p=2126"},"modified":"2024-02-20T12:59:02","modified_gmt":"2024-02-20T11:59:02","slug":"soa-v-ceske-rozhlasove-hre","status":"publish","type":"post","link":"https:\/\/malymehrin.cz\/en\/2024\/02\/20\/soa-v-ceske-rozhlasove-hre\/","title":{"rendered":"Shoah in Czech radio play"},"content":{"rendered":"<div data-elementor-type=\"wp-post\" data-elementor-id=\"2126\" class=\"elementor elementor-2126\" data-elementor-settings=\"{&quot;ha_cmc_init_switcher&quot;:&quot;no&quot;}\" data-elementor-post-type=\"post\">\n\t\t\t\t\t\t<section class=\"elementor-section elementor-top-section elementor-element elementor-element-188764ce elementor-section-boxed elementor-section-height-default elementor-section-height-default wpr-particle-no wpr-jarallax-no wpr-parallax-no wpr-sticky-section-no wpr-equal-height-no\" data-id=\"188764ce\" data-element_type=\"section\" data-e-type=\"section\" data-settings=\"{&quot;_ha_eqh_enable&quot;:false}\">\n\t\t\t\t\t\t<div class=\"elementor-container elementor-column-gap-default\">\n\t\t\t\t\t<div class=\"elementor-column elementor-col-100 elementor-top-column elementor-element elementor-element-1c7d18d9\" data-id=\"1c7d18d9\" data-element_type=\"column\" data-e-type=\"column\">\n\t\t\t<div class=\"elementor-widget-wrap elementor-element-populated\">\n\t\t\t\t\t\t<div class=\"elementor-element elementor-element-3558ca89 elementor-widget elementor-widget-spacer\" data-id=\"3558ca89\" data-element_type=\"widget\" data-e-type=\"widget\" data-widget_type=\"spacer.default\">\n\t\t\t\t<div class=\"elementor-widget-container\">\n\t\t\t\t\t\t\t<div class=\"elementor-spacer\">\n\t\t\t<div class=\"elementor-spacer-inner\"><\/div>\n\t\t<\/div>\n\t\t\t\t\t\t<\/div>\n\t\t\t\t<\/div>\n\t\t\t\t<div class=\"elementor-element elementor-element-278a4ac7 elementor-widget elementor-widget-heading\" data-id=\"278a4ac7\" data-element_type=\"widget\" data-e-type=\"widget\" data-widget_type=\"heading.default\">\n\t\t\t\t<div class=\"elementor-widget-container\">\n\t\t\t\t\t<h2 class=\"elementor-heading-title elementor-size-default\">Shoah in Czech radio play<\/h2>\t\t\t\t<\/div>\n\t\t\t\t<\/div>\n\t\t\t\t<div class=\"elementor-element elementor-element-6b867c00 elementor-widget elementor-widget-text-editor\" data-id=\"6b867c00\" data-element_type=\"widget\" data-e-type=\"widget\" data-widget_type=\"text-editor.default\">\n\t\t\t\t<div class=\"elementor-widget-container\">\n\t\t\t\t\t\t\t\t\t<p><strong>Tuesday 27 February at 6 pm<\/strong><\/p>\t\t\t\t\t\t\t\t<\/div>\n\t\t\t\t<\/div>\n\t\t\t\t\t<\/div>\n\t\t<\/div>\n\t\t\t\t\t<\/div>\n\t\t<\/section>\n\t\t\t\t<section class=\"elementor-section elementor-top-section elementor-element elementor-element-785f90a0 elementor-section-boxed elementor-section-height-default elementor-section-height-default wpr-particle-no wpr-jarallax-no wpr-parallax-no wpr-sticky-section-no wpr-equal-height-no\" data-id=\"785f90a0\" data-element_type=\"section\" data-e-type=\"section\" data-settings=\"{&quot;_ha_eqh_enable&quot;:false}\">\n\t\t\t\t\t\t<div class=\"elementor-container elementor-column-gap-default\">\n\t\t\t\t\t<div class=\"elementor-column elementor-col-100 elementor-top-column elementor-element elementor-element-74caf529\" data-id=\"74caf529\" data-element_type=\"column\" data-e-type=\"column\">\n\t\t\t<div class=\"elementor-widget-wrap elementor-element-populated\">\n\t\t\t\t\t\t<div class=\"elementor-element elementor-element-7cc7b01a elementor-widget elementor-widget-text-editor\" data-id=\"7cc7b01a\" data-element_type=\"widget\" data-e-type=\"widget\" data-widget_type=\"text-editor.default\">\n\t\t\t\t<div class=\"elementor-widget-container\">\n\t\t\t\t\t\t\t\t\t<p>Exactly one month ago, we commemorated Holocaust Remembrance Day and the prevention of crimes against humanity. In the wake of that day, we present a lecture by radio columnist <strong>Mgr. P\u0159emysl Hnilicka<\/strong>. He will take us through the history of radio drama and present examples of how and when Czech artists dealt with the topic of the Holocaust - and when this topic was not allowed. There will be excerpts from plays by Ludv\u00edk A\u0161kenazy, Arno\u0161t Lustig, Jarom\u00edr Pt\u00e1\u010dek, as well as representatives of the younger generation. It will offer a broader insight into this area with the promise of a possible treatment of \"Moravian Jewish stories\", which we want to focus on in particular. <em>Admission is voluntary.<\/em><\/p>\t\t\t\t\t\t\t\t<\/div>\n\t\t\t\t<\/div>\n\t\t\t\t<div class=\"elementor-element elementor-element-f5ed531 elementor-widget elementor-widget-image\" data-id=\"f5ed531\" data-element_type=\"widget\" data-e-type=\"widget\" data-widget_type=\"image.default\">\n\t\t\t\t<div class=\"elementor-widget-container\">\n\t\t\t\t\t\t\t\t\t\t\t\t\t\t\t<img fetchpriority=\"high\" decoding=\"async\" width=\"768\" height=\"576\" src=\"https:\/\/malymehrin.cz\/wp-content\/uploads\/2024\/02\/Premek-Hnilicka-768x576.jpg\" class=\"attachment-medium_large size-medium_large wp-image-2127\" alt=\"\" srcset=\"https:\/\/malymehrin.cz\/wp-content\/uploads\/2024\/02\/Premek-Hnilicka-768x576.jpg 768w, https:\/\/malymehrin.cz\/wp-content\/uploads\/2024\/02\/Premek-Hnilicka-300x225.jpg 300w, https:\/\/malymehrin.cz\/wp-content\/uploads\/2024\/02\/Premek-Hnilicka-1024x768.jpg 1024w, https:\/\/malymehrin.cz\/wp-content\/uploads\/2024\/02\/Premek-Hnilicka-16x12.jpg 16w, https:\/\/malymehrin.cz\/wp-content\/uploads\/2024\/02\/Premek-Hnilicka.jpg 1280w\" sizes=\"(max-width: 768px) 100vw, 768px\" \/>\t\t\t\t\t\t\t\t\t\t\t\t\t\t\t<\/div>\n\t\t\t\t<\/div>\n\t\t\t\t\t<\/div>\n\t\t<\/div>\n\t\t\t\t\t<\/div>\n\t\t<\/section>\n\t\t\t\t<\/div>","protected":false},"excerpt":{"rendered":"<p>Shoah in a Czech radio play Tuesday, February 27 at 6 pm Exactly one month ago we commemorated Holocaust Remembrance Day and the prevention of crimes against humanity. In the wake of it, we present a lecture by radio columnist Mgr. P\u0159emysl Hnili\u010dka. He will take us through the history of radio drama and present examples of how and when Czech authors dealt with the topic of the Holocaust - and when this topic was not allowed. There will be excerpts from plays by Ludv\u00edk A\u0161kenazy, Arno\u0161t Lustig, Jarom\u00edr Pt\u00e1\u010dek, as well as representatives of the younger generation. It will offer a broader insight into this area with the promise of a possible treatment of \"Moravian Jewish stories\", which we want to focus on in particular. Admission is voluntary.<\/p>","protected":false},"author":1,"featured_media":2127,"comment_status":"closed","ping_status":"closed","sticky":false,"template":"elementor_header_footer","format":"standard","meta":{"_acf_changed":false,"footnotes":""},"categories":[1],"tags":[27],"class_list":["post-2126","post","type-post","status-publish","format-standard","has-post-thumbnail","hentry","category-nezarazene","tag-utery-27-unora-v-18-hodin"],"acf":[],"_links":{"self":[{"href":"https:\/\/malymehrin.cz\/en\/wp-json\/wp\/v2\/posts\/2126","targetHints":{"allow":["GET"]}}],"collection":[{"href":"https:\/\/malymehrin.cz\/en\/wp-json\/wp\/v2\/posts"}],"about":[{"href":"https:\/\/malymehrin.cz\/en\/wp-json\/wp\/v2\/types\/post"}],"author":[{"embeddable":true,"href":"https:\/\/malymehrin.cz\/en\/wp-json\/wp\/v2\/users\/1"}],"replies":[{"embeddable":true,"href":"https:\/\/malymehrin.cz\/en\/wp-json\/wp\/v2\/comments?post=2126"}],"version-history":[{"count":4,"href":"https:\/\/malymehrin.cz\/en\/wp-json\/wp\/v2\/posts\/2126\/revisions"}],"predecessor-version":[{"id":2132,"href":"https:\/\/malymehrin.cz\/en\/wp-json\/wp\/v2\/posts\/2126\/revisions\/2132"}],"wp:featuredmedia":[{"embeddable":true,"href":"https:\/\/malymehrin.cz\/en\/wp-json\/wp\/v2\/media\/2127"}],"wp:attachment":[{"href":"https:\/\/malymehrin.cz\/en\/wp-json\/wp\/v2\/media?parent=2126"}],"wp:term":[{"taxonomy":"category","embeddable":true,"href":"https:\/\/malymehrin.cz\/en\/wp-json\/wp\/v2\/categories?post=2126"},{"taxonomy":"post_tag","embeddable":true,"href":"https:\/\/malymehrin.cz\/en\/wp-json\/wp\/v2\/tags?post=2126"}],"curies":[{"name":"wp","href":"https:\/\/api.w.org\/{rel}","templated":true}]}}