{"id":2717,"date":"2024-12-12T11:19:24","date_gmt":"2024-12-12T10:19:24","guid":{"rendered":"https:\/\/malymehrin.cz\/?p=2717"},"modified":"2024-12-12T11:26:52","modified_gmt":"2024-12-12T10:26:52","slug":"oci-otevreny-ruce-pripraveny-svety-arnosta-benese-1900-trebic-1943-auschwitz","status":"publish","type":"post","link":"https:\/\/malymehrin.cz\/en\/2024\/12\/12\/oci-otevreny-ruce-pripraveny-svety-arnosta-benese-1900-trebic-1943-auschwitz\/","title":{"rendered":"Eyes open, hands ready. Worlds of Arno\u0161t Bene\u0161 (1900 T\u0159eb\u00ed\u010d-1943 Auschwitz) - vernissage"},"content":{"rendered":"<div data-elementor-type=\"wp-post\" data-elementor-id=\"2717\" class=\"elementor elementor-2717\" data-elementor-settings=\"{&quot;ha_cmc_init_switcher&quot;:&quot;no&quot;}\" data-elementor-post-type=\"post\">\n\t\t\t\t\t\t<section class=\"elementor-section elementor-top-section elementor-element elementor-element-4842ac9a elementor-section-boxed elementor-section-height-default elementor-section-height-default wpr-particle-no wpr-jarallax-no wpr-parallax-no wpr-sticky-section-no wpr-equal-height-no\" data-id=\"4842ac9a\" data-element_type=\"section\" data-e-type=\"section\" data-settings=\"{&quot;_ha_eqh_enable&quot;:false}\">\n\t\t\t\t\t\t<div class=\"elementor-container elementor-column-gap-default\">\n\t\t\t\t\t<div class=\"elementor-column elementor-col-100 elementor-top-column elementor-element elementor-element-3c53a61e\" data-id=\"3c53a61e\" data-element_type=\"column\" data-e-type=\"column\">\n\t\t\t<div class=\"elementor-widget-wrap elementor-element-populated\">\n\t\t\t\t\t\t<div class=\"elementor-element elementor-element-49de0cac elementor-widget elementor-widget-spacer\" data-id=\"49de0cac\" data-element_type=\"widget\" data-e-type=\"widget\" data-widget_type=\"spacer.default\">\n\t\t\t\t<div class=\"elementor-widget-container\">\n\t\t\t\t\t\t\t<div class=\"elementor-spacer\">\n\t\t\t<div class=\"elementor-spacer-inner\"><\/div>\n\t\t<\/div>\n\t\t\t\t\t\t<\/div>\n\t\t\t\t<\/div>\n\t\t\t\t<div class=\"elementor-element elementor-element-711e0df8 elementor-widget elementor-widget-heading\" data-id=\"711e0df8\" data-element_type=\"widget\" data-e-type=\"widget\" data-widget_type=\"heading.default\">\n\t\t\t\t<div class=\"elementor-widget-container\">\n\t\t\t\t\t<h2 class=\"elementor-heading-title elementor-size-default\">Eyes open, hands ready. Worlds of Arno\u0161t Bene\u0161 (1900 T\u0159eb\u00ed\u010d-1943 Auschwitz)<\/h2>\t\t\t\t<\/div>\n\t\t\t\t<\/div>\n\t\t\t\t<div class=\"elementor-element elementor-element-2ab76250 elementor-widget elementor-widget-text-editor\" data-id=\"2ab76250\" data-element_type=\"widget\" data-e-type=\"widget\" data-widget_type=\"text-editor.default\">\n\t\t\t\t<div class=\"elementor-widget-container\">\n\t\t\t\t\t\t\t\t\t<p>Friday 3 January at 6 pm<\/p>\t\t\t\t\t\t\t\t<\/div>\n\t\t\t\t<\/div>\n\t\t\t\t<section class=\"elementor-section elementor-inner-section elementor-element elementor-element-33eee680 elementor-section-boxed elementor-section-height-default elementor-section-height-default wpr-particle-no wpr-jarallax-no wpr-parallax-no wpr-sticky-section-no wpr-equal-height-no\" data-id=\"33eee680\" data-element_type=\"section\" data-e-type=\"section\" data-settings=\"{&quot;_ha_eqh_enable&quot;:false}\">\n\t\t\t\t\t\t<div class=\"elementor-container elementor-column-gap-default\">\n\t\t\t\t\t<div class=\"elementor-column elementor-col-50 elementor-inner-column elementor-element elementor-element-648644db\" data-id=\"648644db\" data-element_type=\"column\" data-e-type=\"column\">\n\t\t\t<div class=\"elementor-widget-wrap elementor-element-populated\">\n\t\t\t\t\t\t<div class=\"elementor-element elementor-element-15b49872 elementor-widget elementor-widget-text-editor\" data-id=\"15b49872\" data-element_type=\"widget\" data-e-type=\"widget\" data-widget_type=\"text-editor.default\">\n\t\t\t\t<div class=\"elementor-widget-container\">\n\t\t\t\t\t\t\t\t\t<p>The exhibition, based on the story of T\u0159eb\u00ed\u010d native Arno\u0161t Bene\u0161, will remind not only the existence of one of the fundamental Moravian Jewish communities, but above all the personality of a man gifted with many talents - Arno\u0161t Bene\u0161 was a photographer, painter, filmmaker, cabinetmaker, carver, collector, accountant and sales representative of the Gr\u00fcnberger company. The visually conceived exhibition will present the Bene\u0161 family in the context of T\u0159eb\u00ed\u010d history. There will be never published artistic photographs and paintings by Arno\u0161t Bene\u0161, excerpts from his silent films from the late 1930s with unique commentary by his grandchildren, accompanied by personal objects and documents from the family archive.\u00a0 \u00a0<br \/>Admission is voluntary.<\/p>\t\t\t\t\t\t\t\t<\/div>\n\t\t\t\t<\/div>\n\t\t\t\t\t<\/div>\n\t\t<\/div>\n\t\t\t\t<div class=\"elementor-column elementor-col-50 elementor-inner-column elementor-element elementor-element-38f1ac31\" data-id=\"38f1ac31\" data-element_type=\"column\" data-e-type=\"column\">\n\t\t\t<div class=\"elementor-widget-wrap elementor-element-populated\">\n\t\t\t\t\t\t<div class=\"elementor-element elementor-element-1d4fc01e elementor-widget elementor-widget-image\" data-id=\"1d4fc01e\" data-element_type=\"widget\" data-e-type=\"widget\" data-widget_type=\"image.default\">\n\t\t\t\t<div class=\"elementor-widget-container\">\n\t\t\t\t\t\t\t\t\t\t\t\t\t\t\t<img fetchpriority=\"high\" decoding=\"async\" width=\"212\" height=\"300\" src=\"https:\/\/malymehrin.cz\/wp-content\/uploads\/2024\/12\/1-212x300.jpg\" class=\"attachment-medium size-medium wp-image-2718\" alt=\"\" srcset=\"https:\/\/malymehrin.cz\/wp-content\/uploads\/2024\/12\/1-212x300.jpg 212w, https:\/\/malymehrin.cz\/wp-content\/uploads\/2024\/12\/1-724x1024.jpg 724w, https:\/\/malymehrin.cz\/wp-content\/uploads\/2024\/12\/1-768x1086.jpg 768w, https:\/\/malymehrin.cz\/wp-content\/uploads\/2024\/12\/1-1086x1536.jpg 1086w, https:\/\/malymehrin.cz\/wp-content\/uploads\/2024\/12\/1-1448x2048.jpg 1448w, https:\/\/malymehrin.cz\/wp-content\/uploads\/2024\/12\/1-8x12.jpg 8w, https:\/\/malymehrin.cz\/wp-content\/uploads\/2024\/12\/1.jpg 1587w\" sizes=\"(max-width: 212px) 100vw, 212px\" \/>\t\t\t\t\t\t\t\t\t\t\t\t\t\t\t<\/div>\n\t\t\t\t<\/div>\n\t\t\t\t\t<\/div>\n\t\t<\/div>\n\t\t\t\t\t<\/div>\n\t\t<\/section>\n\t\t\t\t<div class=\"elementor-element elementor-element-26f82085 elementor-widget elementor-widget-spacer\" data-id=\"26f82085\" data-element_type=\"widget\" data-e-type=\"widget\" data-widget_type=\"spacer.default\">\n\t\t\t\t<div class=\"elementor-widget-container\">\n\t\t\t\t\t\t\t<div class=\"elementor-spacer\">\n\t\t\t<div class=\"elementor-spacer-inner\"><\/div>\n\t\t<\/div>\n\t\t\t\t\t\t<\/div>\n\t\t\t\t<\/div>\n\t\t\t\t\t<\/div>\n\t\t<\/div>\n\t\t\t\t\t<\/div>\n\t\t<\/section>\n\t\t\t\t<\/div>","protected":false},"excerpt":{"rendered":"<p>Eyes open, hands ready. The Worlds of Arno\u0161t Bene\u0161 (1900 T\u0159eb\u00ed\u010d-1943 Auschwitz) Friday 3 January at 6 p.m. The exhibition based on the story of T\u0159eb\u00ed\u010d native Arno\u0161t Bene\u0161 will remind us not only of the existence of one of the fundamental Moravian Jewish communities, but above all of the personality of a man gifted with many talents - Arno\u0161t Bene\u0161 was a photographer, painter, filmmaker, woodcarver, carver, collector, accountant and sales representative of the Gr\u00fcnberger company. The visually conceived exhibition will present the Bene\u0161 family in the context of T\u0159eb\u00ed\u010d history. There will be never published artistic photographs and paintings by Arno\u0161t Bene\u0161, excerpts from his silent films from the late 1930s with unique commentary by his grandchildren, accompanied by personal objects and documents from the family archive.   Admission is voluntary.<\/p>","protected":false},"author":1,"featured_media":2718,"comment_status":"closed","ping_status":"open","sticky":false,"template":"elementor_header_footer","format":"standard","meta":{"_acf_changed":false,"footnotes":""},"categories":[1],"tags":[],"class_list":["post-2717","post","type-post","status-publish","format-standard","has-post-thumbnail","hentry","category-nezarazene"],"acf":[],"_links":{"self":[{"href":"https:\/\/malymehrin.cz\/en\/wp-json\/wp\/v2\/posts\/2717","targetHints":{"allow":["GET"]}}],"collection":[{"href":"https:\/\/malymehrin.cz\/en\/wp-json\/wp\/v2\/posts"}],"about":[{"href":"https:\/\/malymehrin.cz\/en\/wp-json\/wp\/v2\/types\/post"}],"author":[{"embeddable":true,"href":"https:\/\/malymehrin.cz\/en\/wp-json\/wp\/v2\/users\/1"}],"replies":[{"embeddable":true,"href":"https:\/\/malymehrin.cz\/en\/wp-json\/wp\/v2\/comments?post=2717"}],"version-history":[{"count":5,"href":"https:\/\/malymehrin.cz\/en\/wp-json\/wp\/v2\/posts\/2717\/revisions"}],"predecessor-version":[{"id":2730,"href":"https:\/\/malymehrin.cz\/en\/wp-json\/wp\/v2\/posts\/2717\/revisions\/2730"}],"wp:featuredmedia":[{"embeddable":true,"href":"https:\/\/malymehrin.cz\/en\/wp-json\/wp\/v2\/media\/2718"}],"wp:attachment":[{"href":"https:\/\/malymehrin.cz\/en\/wp-json\/wp\/v2\/media?parent=2717"}],"wp:term":[{"taxonomy":"category","embeddable":true,"href":"https:\/\/malymehrin.cz\/en\/wp-json\/wp\/v2\/categories?post=2717"},{"taxonomy":"post_tag","embeddable":true,"href":"https:\/\/malymehrin.cz\/en\/wp-json\/wp\/v2\/tags?post=2717"}],"curies":[{"name":"wp","href":"https:\/\/api.w.org\/{rel}","templated":true}]}}