{"id":3100,"date":"2025-04-23T09:33:42","date_gmt":"2025-04-23T07:33:42","guid":{"rendered":"https:\/\/malymehrin.cz\/?p=3100"},"modified":"2025-04-23T09:37:02","modified_gmt":"2025-04-23T07:37:02","slug":"kardinal-michael-czerny-knez-s-zidovskymi-koreny","status":"publish","type":"post","link":"https:\/\/malymehrin.cz\/en\/2025\/04\/23\/kardinal-michael-czerny-knez-s-zidovskymi-koreny\/","title":{"rendered":"Cardinal Michael Czerny - A priest with Jewish roots"},"content":{"rendered":"<div data-elementor-type=\"wp-post\" data-elementor-id=\"3100\" class=\"elementor elementor-3100\" data-elementor-settings=\"{&quot;ha_cmc_init_switcher&quot;:&quot;no&quot;}\" data-elementor-post-type=\"post\">\n\t\t\t\t\t\t<section class=\"elementor-section elementor-top-section elementor-element elementor-element-6cc75075 elementor-section-boxed elementor-section-height-default elementor-section-height-default wpr-particle-no wpr-jarallax-no wpr-parallax-no wpr-sticky-section-no wpr-equal-height-no\" data-id=\"6cc75075\" data-element_type=\"section\" data-e-type=\"section\" data-settings=\"{&quot;_ha_eqh_enable&quot;:false}\">\n\t\t\t\t\t\t<div class=\"elementor-container elementor-column-gap-default\">\n\t\t\t\t\t<div class=\"elementor-column elementor-col-100 elementor-top-column elementor-element elementor-element-2f8afa49\" data-id=\"2f8afa49\" data-element_type=\"column\" data-e-type=\"column\">\n\t\t\t<div class=\"elementor-widget-wrap elementor-element-populated\">\n\t\t\t\t\t\t<div class=\"elementor-element elementor-element-7de95e79 elementor-widget elementor-widget-spacer\" data-id=\"7de95e79\" data-element_type=\"widget\" data-e-type=\"widget\" data-widget_type=\"spacer.default\">\n\t\t\t\t<div class=\"elementor-widget-container\">\n\t\t\t\t\t\t\t<div class=\"elementor-spacer\">\n\t\t\t<div class=\"elementor-spacer-inner\"><\/div>\n\t\t<\/div>\n\t\t\t\t\t\t<\/div>\n\t\t\t\t<\/div>\n\t\t\t\t<div class=\"elementor-element elementor-element-778a9201 elementor-widget elementor-widget-heading\" data-id=\"778a9201\" data-element_type=\"widget\" data-e-type=\"widget\" data-widget_type=\"heading.default\">\n\t\t\t\t<div class=\"elementor-widget-container\">\n\t\t\t\t\t<h2 class=\"elementor-heading-title elementor-size-default\">Cardinal Michael Czerny - A priest with Jewish roots<\/h2>\t\t\t\t<\/div>\n\t\t\t\t<\/div>\n\t\t\t\t<div class=\"elementor-element elementor-element-5e8dc986 elementor-widget elementor-widget-text-editor\" data-id=\"5e8dc986\" data-element_type=\"widget\" data-e-type=\"widget\" data-widget_type=\"text-editor.default\">\n\t\t\t\t<div class=\"elementor-widget-container\">\n\t\t\t\t\t\t\t\t\t<p><strong>Wednesday 28 May at 5 pm<\/strong><\/p><p>Kino Art Cihl\u00e1\u0159sk\u00e1 19 Brno<\/p>\t\t\t\t\t\t\t\t<\/div>\n\t\t\t\t<\/div>\n\t\t\t\t<section class=\"elementor-section elementor-inner-section elementor-element elementor-element-700c9360 elementor-section-boxed elementor-section-height-default elementor-section-height-default wpr-particle-no wpr-jarallax-no wpr-parallax-no wpr-sticky-section-no wpr-equal-height-no\" data-id=\"700c9360\" data-element_type=\"section\" data-e-type=\"section\" data-settings=\"{&quot;_ha_eqh_enable&quot;:false}\">\n\t\t\t\t\t\t<div class=\"elementor-container elementor-column-gap-default\">\n\t\t\t\t\t<div class=\"elementor-column elementor-col-50 elementor-inner-column elementor-element elementor-element-1daff9cf\" data-id=\"1daff9cf\" data-element_type=\"column\" data-e-type=\"column\">\n\t\t\t<div class=\"elementor-widget-wrap elementor-element-populated\">\n\t\t\t\t\t\t<div class=\"elementor-element elementor-element-1bf3d821 elementor-widget elementor-widget-text-editor\" data-id=\"1bf3d821\" data-element_type=\"widget\" data-e-type=\"widget\" data-widget_type=\"text-editor.default\">\n\t\t\t\t<div class=\"elementor-widget-container\">\n\t\t\t\t\t\t\t\t\t<p>The launch of a twenty-five minute film documentary about the eminent Brno native Michael Czerny, a close collaborator of Pope Francis and head of the Dicastery for the Service of Integral Human Development. Camera and editing by Jakub Fi\u0161er, sound by Ji\u0159\u00ed Hruban, subject and direction by Martin Reiner. The film was co-produced by the Mehrin Foundation and Czech Television. The screening will be followed by a discussion with Cardinal Michael Czerny and the filmmakers.<\/p><p>Michael Czerny was born in 1946 in Brno to a Jewish mother and a Brno German. His parents and grandparents were Catholic, which did not prevent the Germans from murdering part of the family in the extermination camps. His mother, Winifred Czerny, spent almost two years in Nazi prisons and concentration camps in Leipzig, Hagibor and Terez\u00edn during the war. In late 1948, the family emigrated to Canada with their sons Michael and the younger Robert. At the age of seventeen, Michael Czerny joined the Society of Jesus and was ordained a priest ten years later. In October 2019, Pope Francis named him a cardinal. The cardinal's great-great-grandfather, Michael Hayek, co-founded the Starobrno brewery in 1873.<\/p><p><em>The entrance fee of 50 CZK\/person, which is intended to cover the costs associated with the screening, can only be paid directly at the Cinema Art box office before the screening<\/em><\/p>\t\t\t\t\t\t\t\t<\/div>\n\t\t\t\t<\/div>\n\t\t\t\t\t<\/div>\n\t\t<\/div>\n\t\t\t\t<div class=\"elementor-column elementor-col-50 elementor-inner-column elementor-element elementor-element-e953d2a\" data-id=\"e953d2a\" data-element_type=\"column\" data-e-type=\"column\">\n\t\t\t<div class=\"elementor-widget-wrap elementor-element-populated\">\n\t\t\t\t\t\t<div class=\"elementor-element elementor-element-1422294e elementor-widget elementor-widget-image\" data-id=\"1422294e\" data-element_type=\"widget\" data-e-type=\"widget\" data-widget_type=\"image.default\">\n\t\t\t\t<div class=\"elementor-widget-container\">\n\t\t\t\t\t\t\t\t\t\t\t\t\t\t\t<img fetchpriority=\"high\" decoding=\"async\" width=\"768\" height=\"485\" src=\"https:\/\/malymehrin.cz\/wp-content\/uploads\/2025\/04\/Kardinal-Czerny-768x485.jpg\" class=\"attachment-medium_large size-medium_large wp-image-3102\" alt=\"\" srcset=\"https:\/\/malymehrin.cz\/wp-content\/uploads\/2025\/04\/Kardinal-Czerny-768x485.jpg 768w, https:\/\/malymehrin.cz\/wp-content\/uploads\/2025\/04\/Kardinal-Czerny-300x190.jpg 300w, https:\/\/malymehrin.cz\/wp-content\/uploads\/2025\/04\/Kardinal-Czerny-1024x647.jpg 1024w, https:\/\/malymehrin.cz\/wp-content\/uploads\/2025\/04\/Kardinal-Czerny-1536x970.jpg 1536w, https:\/\/malymehrin.cz\/wp-content\/uploads\/2025\/04\/Kardinal-Czerny-2048x1294.jpg 2048w, https:\/\/malymehrin.cz\/wp-content\/uploads\/2025\/04\/Kardinal-Czerny-18x12.jpg 18w\" sizes=\"(max-width: 768px) 100vw, 768px\" \/>\t\t\t\t\t\t\t\t\t\t\t\t\t\t\t<\/div>\n\t\t\t\t<\/div>\n\t\t\t\t\t<\/div>\n\t\t<\/div>\n\t\t\t\t\t<\/div>\n\t\t<\/section>\n\t\t\t\t<div class=\"elementor-element elementor-element-1d14830c elementor-widget elementor-widget-spacer\" data-id=\"1d14830c\" data-element_type=\"widget\" data-e-type=\"widget\" data-widget_type=\"spacer.default\">\n\t\t\t\t<div class=\"elementor-widget-container\">\n\t\t\t\t\t\t\t<div class=\"elementor-spacer\">\n\t\t\t<div class=\"elementor-spacer-inner\"><\/div>\n\t\t<\/div>\n\t\t\t\t\t\t<\/div>\n\t\t\t\t<\/div>\n\t\t\t\t\t<\/div>\n\t\t<\/div>\n\t\t\t\t\t<\/div>\n\t\t<\/section>\n\t\t\t\t<\/div>","protected":false},"excerpt":{"rendered":"<p>Cardinal Michael Czerny - A Priest with Jewish Roots Wednesday, May 28 at 5 pm Kino Art Cihl\u00e1\u0159sk\u00e1 19 Brno Festive screening of a twenty-five minute film documentary about the eminent Brno native Michael Czerny, a close collaborator of Pope Francis and head of the Dicastery for the Service of Integral Human Development. Camera and editing by Jakub Fi\u0161er, sound by Ji\u0159\u00ed Hruban, subject and direction by Martin Reiner. The film was co-produced by the Mehrin Foundation and Czech Television. The screening will be followed by a discussion with Cardinal Michael Czerny and the filmmakers. Michael Czerny was born in 1946 in Brno into a family of a Jewish woman and a Brno German. His parents and grandparents were Catholic, which did not prevent the Germans from murdering part of the family in the extermination camps. His mother, Winifred Czerny, spent almost two years in Nazi prisons and concentration camps in Leipzig, Hagibor and Terez\u00edn during the war. In late 1948, the family emigrated to Canada with their sons Michael and younger Robert. At the age of seventeen, Michael Czerny joined the Society of Jesus and was ordained a priest ten years later. In October 2019, Pope Francis named him a cardinal. The cardinal's great-great-grandfather, Michael Hayek, co-founded the Starobrno brewery in 1873. The entrance fee of 50 CZK\/person, which is intended to cover the costs associated with the screening, can only be paid directly at the Cinema Art box office before the screening<\/p>","protected":false},"author":1,"featured_media":3102,"comment_status":"closed","ping_status":"open","sticky":false,"template":"elementor_header_footer","format":"standard","meta":{"_acf_changed":false,"footnotes":""},"categories":[1],"tags":[84,83],"class_list":["post-3100","post","type-post","status-publish","format-standard","has-post-thumbnail","hentry","category-nezarazene","tag-kino-art-cihlarska-19-brno","tag-streda-28-kvetna-v-17-hodin"],"acf":[],"_links":{"self":[{"href":"https:\/\/malymehrin.cz\/en\/wp-json\/wp\/v2\/posts\/3100","targetHints":{"allow":["GET"]}}],"collection":[{"href":"https:\/\/malymehrin.cz\/en\/wp-json\/wp\/v2\/posts"}],"about":[{"href":"https:\/\/malymehrin.cz\/en\/wp-json\/wp\/v2\/types\/post"}],"author":[{"embeddable":true,"href":"https:\/\/malymehrin.cz\/en\/wp-json\/wp\/v2\/users\/1"}],"replies":[{"embeddable":true,"href":"https:\/\/malymehrin.cz\/en\/wp-json\/wp\/v2\/comments?post=3100"}],"version-history":[{"count":4,"href":"https:\/\/malymehrin.cz\/en\/wp-json\/wp\/v2\/posts\/3100\/revisions"}],"predecessor-version":[{"id":3105,"href":"https:\/\/malymehrin.cz\/en\/wp-json\/wp\/v2\/posts\/3100\/revisions\/3105"}],"wp:featuredmedia":[{"embeddable":true,"href":"https:\/\/malymehrin.cz\/en\/wp-json\/wp\/v2\/media\/3102"}],"wp:attachment":[{"href":"https:\/\/malymehrin.cz\/en\/wp-json\/wp\/v2\/media?parent=3100"}],"wp:term":[{"taxonomy":"category","embeddable":true,"href":"https:\/\/malymehrin.cz\/en\/wp-json\/wp\/v2\/categories?post=3100"},{"taxonomy":"post_tag","embeddable":true,"href":"https:\/\/malymehrin.cz\/en\/wp-json\/wp\/v2\/tags?post=3100"}],"curies":[{"name":"wp","href":"https:\/\/api.w.org\/{rel}","templated":true}]}}